{"id":669,"date":"2022-11-23T19:07:38","date_gmt":"2022-11-23T19:07:38","guid":{"rendered":"https:\/\/corporacionploc.org\/webploc\/?p=669"},"modified":"2025-10-07T13:57:50","modified_gmt":"2025-10-07T13:57:50","slug":"finalizan-obras-de-restauracion-de-fachadas-de-casa-werner-en-puerto-octay","status":"publish","type":"post","link":"https:\/\/corporacionploc.org\/webploc\/2022\/11\/23\/finalizan-obras-de-restauracion-de-fachadas-de-casa-werner-en-puerto-octay\/","title":{"rendered":"Obras de restauraci\u00f3n Casa Werner en Puerto Octay"},"content":{"rendered":"\n<p>Entre amigos, familiares, vecinos y representantes\u00a0\u00a0del mundo p\u00fablico\u00a0\u00a0se celebr\u00f3\u00a0\u00a0el jueves 13 de octubre, la inauguraci\u00f3n de la muestra fotogr\u00e1fica \u00abRestauraci\u00f3n\u00a0\u00a0de Fachadas Casa Werner\u201d montaje que expone en los espacios del segundo piso de la propia casona una serie de im\u00e1genes de registro de su proceso de recuperaci\u00f3n, marcando un hito de cierre en las obras que han permitido recuperar la envolvente de esta casona emblem\u00e1tica emplazada en Puerto Octay, en el acceso desde el sur, y que para quienes conocen la ciudad, probablemente sea recordada por el profundo deterioro que mostraba, producto de su antig\u00fcedad, su exposici\u00f3n al clima, su baja mantenci\u00f3n y principalmente por impactos de camiones que la afectaron en diversas oportunidades, consecuencia de la pronunciada pendiente y el sentido de tr\u00e1nsito de la calle que la casa enfrenta y que atraviesa la localidad de norte a sur.<\/p>\n\n\n\n<p>Del mismo modo que Puerto Varas y Frutillar, Puerto Octay cuenta desde 2010 con el reconocimiento de gran parte de su centro urbano como Zona T\u00edpica por parte de la ley de Monumentos Nacionales. Este reconocimiento se fundamenta en el alto valor hist\u00f3rico y arquitect\u00f3nico de sus casonas, en el marco adem\u00e1s de un contexto natural que realza sus atributos. Estas cualidades han comenzado a atraer a nuevos vecinos que han apostado por la recuperaci\u00f3n del patrimonio, generando aportes que comienzan a devolverle a la ciudad la belleza y elegancia que le son propias. La condici\u00f3n de Zona T\u00edpica ha sido adem\u00e1s una oportunidad de acceder a fondos del Estado para apoyar la recuperaci\u00f3n de estas casonas.<\/p>\n\n\n\n<p>Casa Werner es parte de estos inmuebles y a trav\u00e9s de sus nuevos propietarios, Jamie Honour y Jorge Vicu\u00f1a, apoyados por el equipo de arquitectos de Pablo Moraga y Heike H\u00f6pfner, fue postulada en 2020 al Fondo del patrimonio, del servicio Nacional del Patrimonio Cultural, para el cofinanciamiento de la restauraci\u00f3n de sus fachadas.<\/p>\n\n\n\n<p>El proceso de mejoramiento integral se inici\u00f3 a finales de 2019 desde el interior, para sumarse paulatinamente y gracias al apoyo del Fondo adjudicado, los trabajos de recuperaci\u00f3n de la envolvente del inmueble que han significado nivelar y aplomar la casa, rehacer y ejecutar nuevos poyos de fundaci\u00f3n, reemplazar parte de sus soleras de madera nativa de grandes&nbsp;&nbsp;secciones (11&#215;11&#8243;) volver a \u00abamarrar\u00bb vigas de piso a los muros, reemplazar piezas completas y partes, de piederechos y diagonales de madera de sus fachadas, podridos, quebrados o afectados por Xil\u00f3fagos (polilla), retirar, restaurar y reinstalar su caracter\u00edstico revestimiento met\u00e1lico corrugado, incluyendo su particular hojalater\u00eda que debi\u00f3 en parte ser replicada por los importantes da\u00f1os que presentaba, y finalmente retirar, restaurar o replicar y reinstalar sus componentes m\u00e1s elegantes: puertas de cuarterones y ventanas reticuladas, con sus jambajes decorados, que dan a la casa, parte del car\u00e1cter neocl\u00e1sico, que muestran aun varias casonas de la cuenca del Lago.<\/p>\n\n\n\n<p>Durante el evento se reconoci\u00f3 el entusiasmo, empuje e iniciativa de sus propietarios, el rigor t\u00e9cnico y apoyo del equipo de arquitectura y el gran compromiso de cada uno de los maestros que han sido parte del proceso, que no dudaron frente a los distintos desaf\u00edos que impuso el avanzado estado de deterioro de la casona.&nbsp;&nbsp;Equipo liderado por los constructores Luis Abello y Jos\u00e9 Luis Herrera. Apoyados por el valioso trabajo de carpinter\u00eda de Don Jorge Doepking, en la restauraci\u00f3n de cada una de las puertas y ventanas de la casona.<\/p>\n\n\n\n<p>La muestra permanecer\u00e1 abierta hasta el 31 de octubre, pudiendo ser visitada de 15:00 a 18:00, donde ser\u00e1n guiados por uno de los protagonistas del proceso, Don Jorge.<\/p>\n\n\n\n<p>El proceso de recuperaci\u00f3n sigue ahora su curso, con aun muchas tareas por cumplir para finalmente poder abrir sus puertas al uso por parte de la comunidad de Puerto Octay y sus visitantes en usos como caf\u00e9, tienda y talleres de oficios.<\/p>\n\n\n\n<p>Se puede conocer m\u00e1s sobre el desarrollo de los trabajos en los perfiles ig @casona_puerto_octay y @casawerner_octay_fdp.<\/p>\n\n\n\n<figure class=\"wp-block-image size-large is-style-default\"><img data-recalc-dims=\"1\" loading=\"lazy\" decoding=\"async\" width=\"1024\" height=\"768\" data-attachment-id=\"629\" data-permalink=\"https:\/\/corporacionploc.org\/webploc\/img_4377\/\" data-orig-file=\"https:\/\/i0.wp.com\/corporacionploc.org\/webploc\/wp-content\/uploads\/2022\/10\/IMG_4377.jpg?fit=1152%2C864&amp;ssl=1\" data-orig-size=\"1152,864\" data-comments-opened=\"1\" data-image-meta=\"{&quot;aperture&quot;:&quot;0&quot;,&quot;credit&quot;:&quot;&quot;,&quot;camera&quot;:&quot;&quot;,&quot;caption&quot;:&quot;&quot;,&quot;created_timestamp&quot;:&quot;1666795982&quot;,&quot;copyright&quot;:&quot;&quot;,&quot;focal_length&quot;:&quot;0&quot;,&quot;iso&quot;:&quot;0&quot;,&quot;shutter_speed&quot;:&quot;0&quot;,&quot;title&quot;:&quot;&quot;,&quot;orientation&quot;:&quot;0&quot;}\" data-image-title=\"IMG_4377\" data-image-description=\"\" data-image-caption=\"\" data-medium-file=\"https:\/\/i0.wp.com\/corporacionploc.org\/webploc\/wp-content\/uploads\/2022\/10\/IMG_4377.jpg?fit=300%2C225&amp;ssl=1\" data-large-file=\"https:\/\/i0.wp.com\/corporacionploc.org\/webploc\/wp-content\/uploads\/2022\/10\/IMG_4377.jpg?fit=1024%2C768&amp;ssl=1\" src=\"https:\/\/i0.wp.com\/corporacionploc.org\/webploc\/wp-content\/uploads\/2022\/10\/IMG_4377.jpg?resize=1024%2C768&#038;ssl=1\" alt=\"\" class=\"wp-image-629\" srcset=\"https:\/\/i0.wp.com\/corporacionploc.org\/webploc\/wp-content\/uploads\/2022\/10\/IMG_4377.jpg?resize=1024%2C768&amp;ssl=1 1024w, https:\/\/i0.wp.com\/corporacionploc.org\/webploc\/wp-content\/uploads\/2022\/10\/IMG_4377.jpg?resize=300%2C225&amp;ssl=1 300w, https:\/\/i0.wp.com\/corporacionploc.org\/webploc\/wp-content\/uploads\/2022\/10\/IMG_4377.jpg?resize=768%2C576&amp;ssl=1 768w, https:\/\/i0.wp.com\/corporacionploc.org\/webploc\/wp-content\/uploads\/2022\/10\/IMG_4377.jpg?w=1152&amp;ssl=1 1152w\" sizes=\"auto, (max-width: 1000px) 100vw, 1000px\" \/><\/figure>\n\n\n\n<figure class=\"wp-block-image size-large\"><img data-recalc-dims=\"1\" loading=\"lazy\" decoding=\"async\" width=\"768\" height=\"1024\" data-attachment-id=\"631\" data-permalink=\"https:\/\/corporacionploc.org\/webploc\/img_4375\/\" data-orig-file=\"https:\/\/i0.wp.com\/corporacionploc.org\/webploc\/wp-content\/uploads\/2022\/10\/IMG_4375.jpg?fit=864%2C1152&amp;ssl=1\" data-orig-size=\"864,1152\" data-comments-opened=\"1\" data-image-meta=\"{&quot;aperture&quot;:&quot;0&quot;,&quot;credit&quot;:&quot;&quot;,&quot;camera&quot;:&quot;&quot;,&quot;caption&quot;:&quot;&quot;,&quot;created_timestamp&quot;:&quot;1666795981&quot;,&quot;copyright&quot;:&quot;&quot;,&quot;focal_length&quot;:&quot;0&quot;,&quot;iso&quot;:&quot;0&quot;,&quot;shutter_speed&quot;:&quot;0&quot;,&quot;title&quot;:&quot;&quot;,&quot;orientation&quot;:&quot;0&quot;}\" data-image-title=\"IMG_4375\" data-image-description=\"\" data-image-caption=\"\" data-medium-file=\"https:\/\/i0.wp.com\/corporacionploc.org\/webploc\/wp-content\/uploads\/2022\/10\/IMG_4375.jpg?fit=225%2C300&amp;ssl=1\" data-large-file=\"https:\/\/i0.wp.com\/corporacionploc.org\/webploc\/wp-content\/uploads\/2022\/10\/IMG_4375.jpg?fit=768%2C1024&amp;ssl=1\" src=\"https:\/\/i0.wp.com\/corporacionploc.org\/webploc\/wp-content\/uploads\/2022\/10\/IMG_4375.jpg?resize=768%2C1024&#038;ssl=1\" alt=\"\" class=\"wp-image-631\" srcset=\"https:\/\/i0.wp.com\/corporacionploc.org\/webploc\/wp-content\/uploads\/2022\/10\/IMG_4375.jpg?resize=768%2C1024&amp;ssl=1 768w, https:\/\/i0.wp.com\/corporacionploc.org\/webploc\/wp-content\/uploads\/2022\/10\/IMG_4375.jpg?resize=225%2C300&amp;ssl=1 225w, https:\/\/i0.wp.com\/corporacionploc.org\/webploc\/wp-content\/uploads\/2022\/10\/IMG_4375.jpg?w=864&amp;ssl=1 864w\" sizes=\"auto, (max-width: 768px) 100vw, 768px\" \/><\/figure>\n\n\n\n<figure class=\"wp-block-image size-large\"><img data-recalc-dims=\"1\" loading=\"lazy\" decoding=\"async\" width=\"1024\" height=\"768\" data-attachment-id=\"630\" data-permalink=\"https:\/\/corporacionploc.org\/webploc\/img_4376\/\" data-orig-file=\"https:\/\/i0.wp.com\/corporacionploc.org\/webploc\/wp-content\/uploads\/2022\/10\/IMG_4376.jpg?fit=1599%2C1200&amp;ssl=1\" data-orig-size=\"1599,1200\" data-comments-opened=\"1\" data-image-meta=\"{&quot;aperture&quot;:&quot;0&quot;,&quot;credit&quot;:&quot;&quot;,&quot;camera&quot;:&quot;&quot;,&quot;caption&quot;:&quot;&quot;,&quot;created_timestamp&quot;:&quot;1666795982&quot;,&quot;copyright&quot;:&quot;&quot;,&quot;focal_length&quot;:&quot;0&quot;,&quot;iso&quot;:&quot;0&quot;,&quot;shutter_speed&quot;:&quot;0&quot;,&quot;title&quot;:&quot;&quot;,&quot;orientation&quot;:&quot;0&quot;}\" data-image-title=\"IMG_4376\" data-image-description=\"\" data-image-caption=\"\" data-medium-file=\"https:\/\/i0.wp.com\/corporacionploc.org\/webploc\/wp-content\/uploads\/2022\/10\/IMG_4376.jpg?fit=300%2C225&amp;ssl=1\" data-large-file=\"https:\/\/i0.wp.com\/corporacionploc.org\/webploc\/wp-content\/uploads\/2022\/10\/IMG_4376.jpg?fit=1024%2C768&amp;ssl=1\" src=\"https:\/\/i0.wp.com\/corporacionploc.org\/webploc\/wp-content\/uploads\/2022\/10\/IMG_4376.jpg?resize=1024%2C768&#038;ssl=1\" alt=\"\" class=\"wp-image-630\" srcset=\"https:\/\/i0.wp.com\/corporacionploc.org\/webploc\/wp-content\/uploads\/2022\/10\/IMG_4376.jpg?resize=1024%2C768&amp;ssl=1 1024w, https:\/\/i0.wp.com\/corporacionploc.org\/webploc\/wp-content\/uploads\/2022\/10\/IMG_4376.jpg?resize=300%2C225&amp;ssl=1 300w, https:\/\/i0.wp.com\/corporacionploc.org\/webploc\/wp-content\/uploads\/2022\/10\/IMG_4376.jpg?resize=768%2C576&amp;ssl=1 768w, https:\/\/i0.wp.com\/corporacionploc.org\/webploc\/wp-content\/uploads\/2022\/10\/IMG_4376.jpg?resize=1536%2C1153&amp;ssl=1 1536w, https:\/\/i0.wp.com\/corporacionploc.org\/webploc\/wp-content\/uploads\/2022\/10\/IMG_4376.jpg?w=1599&amp;ssl=1 1599w\" sizes=\"auto, (max-width: 1000px) 100vw, 1000px\" \/><\/figure>\n","protected":false},"excerpt":{"rendered":"<p>Entre amigos, familiares, vecinos y representantes\u00a0\u00a0del mundo p\u00fablico\u00a0\u00a0se celebr\u00f3\u00a0\u00a0el jueves 13 de octubre, la inauguraci\u00f3n de la muestra fotogr\u00e1fica \u00abRestauraci\u00f3n\u00a0\u00a0de Fachadas Casa Werner\u201d montaje que expone en los espacios del segundo piso de la propia casona una serie de im\u00e1genes de registro de su proceso de recuperaci\u00f3n, marcando un hito de cierre en las obras [&hellip;]<\/p>\n","protected":false},"author":2,"featured_media":629,"comment_status":"open","ping_status":"open","sticky":false,"template":"","format":"standard","meta":{"site-sidebar-layout":"default","site-content-layout":"","ast-site-content-layout":"default","site-content-style":"default","site-sidebar-style":"default","ast-global-header-display":"","ast-banner-title-visibility":"","ast-main-header-display":"","ast-hfb-above-header-display":"","ast-hfb-below-header-display":"","ast-hfb-mobile-header-display":"","site-post-title":"","ast-breadcrumbs-content":"","ast-featured-img":"","footer-sml-layout":"","theme-transparent-header-meta":"","adv-header-id-meta":"","stick-header-meta":"","header-above-stick-meta":"","header-main-stick-meta":"","header-below-stick-meta":"","astra-migrate-meta-layouts":"set","ast-page-background-enabled":"default","ast-page-background-meta":{"desktop":{"background-color":"var(--ast-global-color-4)","background-image":"","background-repeat":"repeat","background-position":"center center","background-size":"auto","background-attachment":"scroll","background-type":"","background-media":"","overlay-type":"","overlay-color":"","overlay-opacity":"","overlay-gradient":""},"tablet":{"background-color":"","background-image":"","background-repeat":"repeat","background-position":"center center","background-size":"auto","background-attachment":"scroll","background-type":"","background-media":"","overlay-type":"","overlay-color":"","overlay-opacity":"","overlay-gradient":""},"mobile":{"background-color":"","background-image":"","background-repeat":"repeat","background-position":"center center","background-size":"auto","background-attachment":"scroll","background-type":"","background-media":"","overlay-type":"","overlay-color":"","overlay-opacity":"","overlay-gradient":""}},"ast-content-background-meta":{"desktop":{"background-color":"var(--ast-global-color-5)","background-image":"","background-repeat":"repeat","background-position":"center center","background-size":"auto","background-attachment":"scroll","background-type":"","background-media":"","overlay-type":"","overlay-color":"","overlay-opacity":"","overlay-gradient":""},"tablet":{"background-color":"var(--ast-global-color-5)","background-image":"","background-repeat":"repeat","background-position":"center center","background-size":"auto","background-attachment":"scroll","background-type":"","background-media":"","overlay-type":"","overlay-color":"","overlay-opacity":"","overlay-gradient":""},"mobile":{"background-color":"var(--ast-global-color-5)","background-image":"","background-repeat":"repeat","background-position":"center center","background-size":"auto","background-attachment":"scroll","background-type":"","background-media":"","overlay-type":"","overlay-color":"","overlay-opacity":"","overlay-gradient":""}},"_jetpack_memberships_contains_paid_content":false,"footnotes":""},"categories":[1],"tags":[],"class_list":["post-669","post","type-post","status-publish","format-standard","has-post-thumbnail","hentry","category-general"],"rise-blocks_total_comments":43,"rise-blocks_categories":[{"term_id":1,"name":"General","slug":"general","term_group":0,"term_taxonomy_id":1,"taxonomy":"category","description":"","parent":0,"count":11,"filter":"raw","cat_ID":1,"category_count":11,"category_description":"","cat_name":"General","category_nicename":"general","category_parent":0}],"rise-blocks_excerpt":"Entre amigos, familiares, vecinos y representantes\u00a0\u00a0del mundo p\u00fablico\u00a0\u00a0se celebr\u00f3\u00a0\u00a0el jueves 13 de octubre, la inauguraci\u00f3n de la muestra fotogr\u00e1fica \u00abRestauraci\u00f3n\u00a0\u00a0de Fachadas Casa Werner\u201d montaje que expone en los espacios del segundo piso de la propia casona una serie de im\u00e1genes de registro de su proceso de recuperaci\u00f3n, marcando un hito de cierre en las obras que han permitido recuperar la..","jetpack_featured_media_url":"https:\/\/i0.wp.com\/corporacionploc.org\/webploc\/wp-content\/uploads\/2022\/10\/IMG_4377.jpg?fit=1152%2C864&ssl=1","jetpack_sharing_enabled":true,"_links":{"self":[{"href":"https:\/\/corporacionploc.org\/webploc\/wp-json\/wp\/v2\/posts\/669","targetHints":{"allow":["GET"]}}],"collection":[{"href":"https:\/\/corporacionploc.org\/webploc\/wp-json\/wp\/v2\/posts"}],"about":[{"href":"https:\/\/corporacionploc.org\/webploc\/wp-json\/wp\/v2\/types\/post"}],"author":[{"embeddable":true,"href":"https:\/\/corporacionploc.org\/webploc\/wp-json\/wp\/v2\/users\/2"}],"replies":[{"embeddable":true,"href":"https:\/\/corporacionploc.org\/webploc\/wp-json\/wp\/v2\/comments?post=669"}],"version-history":[{"count":4,"href":"https:\/\/corporacionploc.org\/webploc\/wp-json\/wp\/v2\/posts\/669\/revisions"}],"predecessor-version":[{"id":720,"href":"https:\/\/corporacionploc.org\/webploc\/wp-json\/wp\/v2\/posts\/669\/revisions\/720"}],"wp:featuredmedia":[{"embeddable":true,"href":"https:\/\/corporacionploc.org\/webploc\/wp-json\/wp\/v2\/media\/629"}],"wp:attachment":[{"href":"https:\/\/corporacionploc.org\/webploc\/wp-json\/wp\/v2\/media?parent=669"}],"wp:term":[{"taxonomy":"category","embeddable":true,"href":"https:\/\/corporacionploc.org\/webploc\/wp-json\/wp\/v2\/categories?post=669"},{"taxonomy":"post_tag","embeddable":true,"href":"https:\/\/corporacionploc.org\/webploc\/wp-json\/wp\/v2\/tags?post=669"}],"curies":[{"name":"wp","href":"https:\/\/api.w.org\/{rel}","templated":true}]}}