{"id":658,"date":"2022-11-23T18:57:50","date_gmt":"2022-11-23T18:57:50","guid":{"rendered":"https:\/\/corporacionploc.org\/webploc\/?p=658"},"modified":"2022-11-23T19:17:36","modified_gmt":"2022-11-23T19:17:36","slug":"exposicion-de-obras-del-maestro-osvaldo-thiers","status":"publish","type":"post","link":"https:\/\/corporacionploc.org\/webploc\/2022\/11\/23\/exposicion-de-obras-del-maestro-osvaldo-thiers\/","title":{"rendered":"Exposici\u00f3n de Obras del Maestro Osvaldo Thiers"},"content":{"rendered":"\n<p>El viernes 30 de septiembre se dio inicio en el segundo nivel del Mercado Municipal de Puerto Octay, de la primera Exhibici\u00f3n de Obras del Maestro Osvaldo Thiers.<\/p>\n\n\n\n<p><strong>Qui\u00e9n es Osvaldo Thiers?<\/strong><\/p>\n\n\n\n<p>Artista hiperrealista y surrealista de la comuna de Puerto Octay. Estudi\u00f3 en la Pontificia Universidad Cat\u00f3lica de Chile, se perfeccion\u00f3 en la Escuela de Bellas Artes de Par\u00eds \u2013 Francia y actualmente est\u00e1 ligado acad\u00e9micamente a la Universidad de Los Lagos en Osorno.<\/p>\n\n\n\n<p>Osvaldo Thiers es considerado uno de los artistas visuales m\u00e1s importantes de Chile y es parte del patrimonio inmaterial de la comuna de Puerto Octay.<\/p>\n\n\n\n<figure class=\"wp-block-image size-full\"><img data-recalc-dims=\"1\" loading=\"lazy\" decoding=\"async\" width=\"989\" height=\"983\" data-attachment-id=\"666\" data-permalink=\"https:\/\/corporacionploc.org\/webploc\/2022\/11\/23\/exposicion-de-obras-del-maestro-osvaldo-thiers\/photo-2022-10-19-19-50-48\/\" data-orig-file=\"https:\/\/i0.wp.com\/corporacionploc.org\/webploc\/wp-content\/uploads\/2022\/11\/PHOTO-2022-10-19-19-50-48.jpg?fit=989%2C983&amp;ssl=1\" data-orig-size=\"989,983\" data-comments-opened=\"1\" data-image-meta=\"{&quot;aperture&quot;:&quot;0&quot;,&quot;credit&quot;:&quot;&quot;,&quot;camera&quot;:&quot;&quot;,&quot;caption&quot;:&quot;&quot;,&quot;created_timestamp&quot;:&quot;0&quot;,&quot;copyright&quot;:&quot;&quot;,&quot;focal_length&quot;:&quot;0&quot;,&quot;iso&quot;:&quot;0&quot;,&quot;shutter_speed&quot;:&quot;0&quot;,&quot;title&quot;:&quot;&quot;,&quot;orientation&quot;:&quot;0&quot;}\" data-image-title=\"PHOTO-2022-10-19-19-50-48\" data-image-description=\"\" data-image-caption=\"\" data-medium-file=\"https:\/\/i0.wp.com\/corporacionploc.org\/webploc\/wp-content\/uploads\/2022\/11\/PHOTO-2022-10-19-19-50-48.jpg?fit=300%2C298&amp;ssl=1\" data-large-file=\"https:\/\/i0.wp.com\/corporacionploc.org\/webploc\/wp-content\/uploads\/2022\/11\/PHOTO-2022-10-19-19-50-48.jpg?fit=989%2C983&amp;ssl=1\" src=\"https:\/\/i0.wp.com\/corporacionploc.org\/webploc\/wp-content\/uploads\/2022\/11\/PHOTO-2022-10-19-19-50-48.jpg?resize=989%2C983&#038;ssl=1\" alt=\"\" class=\"wp-image-666\" srcset=\"https:\/\/i0.wp.com\/corporacionploc.org\/webploc\/wp-content\/uploads\/2022\/11\/PHOTO-2022-10-19-19-50-48.jpg?w=989&amp;ssl=1 989w, https:\/\/i0.wp.com\/corporacionploc.org\/webploc\/wp-content\/uploads\/2022\/11\/PHOTO-2022-10-19-19-50-48.jpg?resize=300%2C298&amp;ssl=1 300w, https:\/\/i0.wp.com\/corporacionploc.org\/webploc\/wp-content\/uploads\/2022\/11\/PHOTO-2022-10-19-19-50-48.jpg?resize=150%2C150&amp;ssl=1 150w, https:\/\/i0.wp.com\/corporacionploc.org\/webploc\/wp-content\/uploads\/2022\/11\/PHOTO-2022-10-19-19-50-48.jpg?resize=768%2C763&amp;ssl=1 768w\" sizes=\"auto, (max-width: 989px) 100vw, 989px\" \/><\/figure>\n\n\n\n<figure class=\"wp-block-image size-large\"><img data-recalc-dims=\"1\" loading=\"lazy\" decoding=\"async\" width=\"768\" height=\"1024\" data-attachment-id=\"665\" data-permalink=\"https:\/\/corporacionploc.org\/webploc\/2022\/11\/23\/exposicion-de-obras-del-maestro-osvaldo-thiers\/photo-2022-10-19-19-50-51-3\/\" data-orig-file=\"https:\/\/i0.wp.com\/corporacionploc.org\/webploc\/wp-content\/uploads\/2022\/11\/PHOTO-2022-10-19-19-50-51.jpg?fit=1200%2C1599&amp;ssl=1\" data-orig-size=\"1200,1599\" data-comments-opened=\"1\" data-image-meta=\"{&quot;aperture&quot;:&quot;0&quot;,&quot;credit&quot;:&quot;&quot;,&quot;camera&quot;:&quot;&quot;,&quot;caption&quot;:&quot;&quot;,&quot;created_timestamp&quot;:&quot;0&quot;,&quot;copyright&quot;:&quot;&quot;,&quot;focal_length&quot;:&quot;0&quot;,&quot;iso&quot;:&quot;0&quot;,&quot;shutter_speed&quot;:&quot;0&quot;,&quot;title&quot;:&quot;&quot;,&quot;orientation&quot;:&quot;0&quot;}\" data-image-title=\"PHOTO-2022-10-19-19-50-51\" data-image-description=\"\" data-image-caption=\"\" data-medium-file=\"https:\/\/i0.wp.com\/corporacionploc.org\/webploc\/wp-content\/uploads\/2022\/11\/PHOTO-2022-10-19-19-50-51.jpg?fit=225%2C300&amp;ssl=1\" data-large-file=\"https:\/\/i0.wp.com\/corporacionploc.org\/webploc\/wp-content\/uploads\/2022\/11\/PHOTO-2022-10-19-19-50-51.jpg?fit=768%2C1024&amp;ssl=1\" src=\"https:\/\/i0.wp.com\/corporacionploc.org\/webploc\/wp-content\/uploads\/2022\/11\/PHOTO-2022-10-19-19-50-51.jpg?resize=768%2C1024&#038;ssl=1\" alt=\"\" class=\"wp-image-665\" srcset=\"https:\/\/i0.wp.com\/corporacionploc.org\/webploc\/wp-content\/uploads\/2022\/11\/PHOTO-2022-10-19-19-50-51.jpg?resize=768%2C1023&amp;ssl=1 768w, https:\/\/i0.wp.com\/corporacionploc.org\/webploc\/wp-content\/uploads\/2022\/11\/PHOTO-2022-10-19-19-50-51.jpg?resize=225%2C300&amp;ssl=1 225w, https:\/\/i0.wp.com\/corporacionploc.org\/webploc\/wp-content\/uploads\/2022\/11\/PHOTO-2022-10-19-19-50-51.jpg?resize=1153%2C1536&amp;ssl=1 1153w, https:\/\/i0.wp.com\/corporacionploc.org\/webploc\/wp-content\/uploads\/2022\/11\/PHOTO-2022-10-19-19-50-51.jpg?w=1200&amp;ssl=1 1200w\" sizes=\"auto, (max-width: 768px) 100vw, 768px\" \/><\/figure>\n\n\n\n<figure class=\"wp-block-image size-large\"><img data-recalc-dims=\"1\" loading=\"lazy\" decoding=\"async\" width=\"768\" height=\"1024\" data-attachment-id=\"664\" data-permalink=\"https:\/\/corporacionploc.org\/webploc\/2022\/11\/23\/exposicion-de-obras-del-maestro-osvaldo-thiers\/photo-2022-10-19-19-50-51-2\/\" data-orig-file=\"https:\/\/i0.wp.com\/corporacionploc.org\/webploc\/wp-content\/uploads\/2022\/11\/PHOTO-2022-10-19-19-50-51-2.jpg?fit=1200%2C1599&amp;ssl=1\" data-orig-size=\"1200,1599\" data-comments-opened=\"1\" data-image-meta=\"{&quot;aperture&quot;:&quot;0&quot;,&quot;credit&quot;:&quot;&quot;,&quot;camera&quot;:&quot;&quot;,&quot;caption&quot;:&quot;&quot;,&quot;created_timestamp&quot;:&quot;0&quot;,&quot;copyright&quot;:&quot;&quot;,&quot;focal_length&quot;:&quot;0&quot;,&quot;iso&quot;:&quot;0&quot;,&quot;shutter_speed&quot;:&quot;0&quot;,&quot;title&quot;:&quot;&quot;,&quot;orientation&quot;:&quot;0&quot;}\" data-image-title=\"PHOTO-2022-10-19-19-50-51 2\" data-image-description=\"\" data-image-caption=\"\" data-medium-file=\"https:\/\/i0.wp.com\/corporacionploc.org\/webploc\/wp-content\/uploads\/2022\/11\/PHOTO-2022-10-19-19-50-51-2.jpg?fit=225%2C300&amp;ssl=1\" data-large-file=\"https:\/\/i0.wp.com\/corporacionploc.org\/webploc\/wp-content\/uploads\/2022\/11\/PHOTO-2022-10-19-19-50-51-2.jpg?fit=768%2C1024&amp;ssl=1\" src=\"https:\/\/i0.wp.com\/corporacionploc.org\/webploc\/wp-content\/uploads\/2022\/11\/PHOTO-2022-10-19-19-50-51-2.jpg?resize=768%2C1024&#038;ssl=1\" alt=\"\" class=\"wp-image-664\" srcset=\"https:\/\/i0.wp.com\/corporacionploc.org\/webploc\/wp-content\/uploads\/2022\/11\/PHOTO-2022-10-19-19-50-51-2.jpg?resize=768%2C1023&amp;ssl=1 768w, https:\/\/i0.wp.com\/corporacionploc.org\/webploc\/wp-content\/uploads\/2022\/11\/PHOTO-2022-10-19-19-50-51-2.jpg?resize=225%2C300&amp;ssl=1 225w, https:\/\/i0.wp.com\/corporacionploc.org\/webploc\/wp-content\/uploads\/2022\/11\/PHOTO-2022-10-19-19-50-51-2.jpg?resize=1153%2C1536&amp;ssl=1 1153w, https:\/\/i0.wp.com\/corporacionploc.org\/webploc\/wp-content\/uploads\/2022\/11\/PHOTO-2022-10-19-19-50-51-2.jpg?w=1200&amp;ssl=1 1200w\" sizes=\"auto, (max-width: 768px) 100vw, 768px\" \/><\/figure>\n\n\n\n<figure class=\"wp-block-image size-large\"><img data-recalc-dims=\"1\" loading=\"lazy\" decoding=\"async\" width=\"768\" height=\"1024\" data-attachment-id=\"663\" data-permalink=\"https:\/\/corporacionploc.org\/webploc\/2022\/11\/23\/exposicion-de-obras-del-maestro-osvaldo-thiers\/photo-2022-10-19-19-50-52\/\" data-orig-file=\"https:\/\/i0.wp.com\/corporacionploc.org\/webploc\/wp-content\/uploads\/2022\/11\/PHOTO-2022-10-19-19-50-52.jpg?fit=1200%2C1599&amp;ssl=1\" data-orig-size=\"1200,1599\" data-comments-opened=\"1\" data-image-meta=\"{&quot;aperture&quot;:&quot;0&quot;,&quot;credit&quot;:&quot;&quot;,&quot;camera&quot;:&quot;&quot;,&quot;caption&quot;:&quot;&quot;,&quot;created_timestamp&quot;:&quot;0&quot;,&quot;copyright&quot;:&quot;&quot;,&quot;focal_length&quot;:&quot;0&quot;,&quot;iso&quot;:&quot;0&quot;,&quot;shutter_speed&quot;:&quot;0&quot;,&quot;title&quot;:&quot;&quot;,&quot;orientation&quot;:&quot;0&quot;}\" data-image-title=\"PHOTO-2022-10-19-19-50-52\" data-image-description=\"\" data-image-caption=\"\" data-medium-file=\"https:\/\/i0.wp.com\/corporacionploc.org\/webploc\/wp-content\/uploads\/2022\/11\/PHOTO-2022-10-19-19-50-52.jpg?fit=225%2C300&amp;ssl=1\" data-large-file=\"https:\/\/i0.wp.com\/corporacionploc.org\/webploc\/wp-content\/uploads\/2022\/11\/PHOTO-2022-10-19-19-50-52.jpg?fit=768%2C1024&amp;ssl=1\" src=\"https:\/\/i0.wp.com\/corporacionploc.org\/webploc\/wp-content\/uploads\/2022\/11\/PHOTO-2022-10-19-19-50-52.jpg?resize=768%2C1024&#038;ssl=1\" alt=\"\" class=\"wp-image-663\" srcset=\"https:\/\/i0.wp.com\/corporacionploc.org\/webploc\/wp-content\/uploads\/2022\/11\/PHOTO-2022-10-19-19-50-52.jpg?resize=768%2C1023&amp;ssl=1 768w, https:\/\/i0.wp.com\/corporacionploc.org\/webploc\/wp-content\/uploads\/2022\/11\/PHOTO-2022-10-19-19-50-52.jpg?resize=225%2C300&amp;ssl=1 225w, https:\/\/i0.wp.com\/corporacionploc.org\/webploc\/wp-content\/uploads\/2022\/11\/PHOTO-2022-10-19-19-50-52.jpg?resize=1153%2C1536&amp;ssl=1 1153w, https:\/\/i0.wp.com\/corporacionploc.org\/webploc\/wp-content\/uploads\/2022\/11\/PHOTO-2022-10-19-19-50-52.jpg?w=1200&amp;ssl=1 1200w\" sizes=\"auto, (max-width: 768px) 100vw, 768px\" \/><\/figure>\n","protected":false},"excerpt":{"rendered":"<p>El viernes 30 de septiembre se dio inicio en el segundo nivel del Mercado Municipal de Puerto Octay, de la primera Exhibici\u00f3n de Obras del Maestro Osvaldo Thiers. Qui\u00e9n es Osvaldo Thiers? Artista hiperrealista y surrealista de la comuna de Puerto Octay. Estudi\u00f3 en la Pontificia Universidad Cat\u00f3lica de Chile, se perfeccion\u00f3 en la Escuela [&hellip;]<\/p>\n","protected":false},"author":2,"featured_media":665,"comment_status":"open","ping_status":"open","sticky":false,"template":"","format":"standard","meta":{"site-sidebar-layout":"default","site-content-layout":"","ast-site-content-layout":"default","site-content-style":"default","site-sidebar-style":"default","ast-global-header-display":"","ast-banner-title-visibility":"","ast-main-header-display":"","ast-hfb-above-header-display":"","ast-hfb-below-header-display":"","ast-hfb-mobile-header-display":"","site-post-title":"","ast-breadcrumbs-content":"","ast-featured-img":"","footer-sml-layout":"","theme-transparent-header-meta":"","adv-header-id-meta":"","stick-header-meta":"","header-above-stick-meta":"","header-main-stick-meta":"","header-below-stick-meta":"","astra-migrate-meta-layouts":"default","ast-page-background-enabled":"default","ast-page-background-meta":{"desktop":{"background-color":"var(--ast-global-color-4)","background-image":"","background-repeat":"repeat","background-position":"center center","background-size":"auto","background-attachment":"scroll","background-type":"","background-media":"","overlay-type":"","overlay-color":"","overlay-opacity":"","overlay-gradient":""},"tablet":{"background-color":"","background-image":"","background-repeat":"repeat","background-position":"center center","background-size":"auto","background-attachment":"scroll","background-type":"","background-media":"","overlay-type":"","overlay-color":"","overlay-opacity":"","overlay-gradient":""},"mobile":{"background-color":"","background-image":"","background-repeat":"repeat","background-position":"center center","background-size":"auto","background-attachment":"scroll","background-type":"","background-media":"","overlay-type":"","overlay-color":"","overlay-opacity":"","overlay-gradient":""}},"ast-content-background-meta":{"desktop":{"background-color":"var(--ast-global-color-5)","background-image":"","background-repeat":"repeat","background-position":"center center","background-size":"auto","background-attachment":"scroll","background-type":"","background-media":"","overlay-type":"","overlay-color":"","overlay-opacity":"","overlay-gradient":""},"tablet":{"background-color":"var(--ast-global-color-5)","background-image":"","background-repeat":"repeat","background-position":"center center","background-size":"auto","background-attachment":"scroll","background-type":"","background-media":"","overlay-type":"","overlay-color":"","overlay-opacity":"","overlay-gradient":""},"mobile":{"background-color":"var(--ast-global-color-5)","background-image":"","background-repeat":"repeat","background-position":"center center","background-size":"auto","background-attachment":"scroll","background-type":"","background-media":"","overlay-type":"","overlay-color":"","overlay-opacity":"","overlay-gradient":""}},"_jetpack_memberships_contains_paid_content":false,"footnotes":""},"categories":[1],"tags":[],"class_list":["post-658","post","type-post","status-publish","format-standard","has-post-thumbnail","hentry","category-general"],"rise-blocks_total_comments":2,"rise-blocks_categories":[{"term_id":1,"name":"General","slug":"general","term_group":0,"term_taxonomy_id":1,"taxonomy":"category","description":"","parent":0,"count":11,"filter":"raw","cat_ID":1,"category_count":11,"category_description":"","cat_name":"General","category_nicename":"general","category_parent":0}],"rise-blocks_excerpt":"El viernes 30 de septiembre se dio inicio en el segundo nivel del Mercado Municipal de Puerto Octay, de la primera Exhibici\u00f3n de Obras del Maestro Osvaldo Thiers. Qui\u00e9n es Osvaldo Thiers? Artista hiperrealista y surrealista de la comuna de Puerto Octay. Estudi\u00f3 en la Pontificia Universidad Cat\u00f3lica de Chile, se perfeccion\u00f3 en la Escuela de Bellas Artes de Par\u00eds..","jetpack_featured_media_url":"https:\/\/i0.wp.com\/corporacionploc.org\/webploc\/wp-content\/uploads\/2022\/11\/PHOTO-2022-10-19-19-50-51.jpg?fit=1200%2C1599&ssl=1","jetpack_sharing_enabled":true,"_links":{"self":[{"href":"https:\/\/corporacionploc.org\/webploc\/wp-json\/wp\/v2\/posts\/658","targetHints":{"allow":["GET"]}}],"collection":[{"href":"https:\/\/corporacionploc.org\/webploc\/wp-json\/wp\/v2\/posts"}],"about":[{"href":"https:\/\/corporacionploc.org\/webploc\/wp-json\/wp\/v2\/types\/post"}],"author":[{"embeddable":true,"href":"https:\/\/corporacionploc.org\/webploc\/wp-json\/wp\/v2\/users\/2"}],"replies":[{"embeddable":true,"href":"https:\/\/corporacionploc.org\/webploc\/wp-json\/wp\/v2\/comments?post=658"}],"version-history":[{"count":2,"href":"https:\/\/corporacionploc.org\/webploc\/wp-json\/wp\/v2\/posts\/658\/revisions"}],"predecessor-version":[{"id":672,"href":"https:\/\/corporacionploc.org\/webploc\/wp-json\/wp\/v2\/posts\/658\/revisions\/672"}],"wp:featuredmedia":[{"embeddable":true,"href":"https:\/\/corporacionploc.org\/webploc\/wp-json\/wp\/v2\/media\/665"}],"wp:attachment":[{"href":"https:\/\/corporacionploc.org\/webploc\/wp-json\/wp\/v2\/media?parent=658"}],"wp:term":[{"taxonomy":"category","embeddable":true,"href":"https:\/\/corporacionploc.org\/webploc\/wp-json\/wp\/v2\/categories?post=658"},{"taxonomy":"post_tag","embeddable":true,"href":"https:\/\/corporacionploc.org\/webploc\/wp-json\/wp\/v2\/tags?post=658"}],"curies":[{"name":"wp","href":"https:\/\/api.w.org\/{rel}","templated":true}]}}