{"id":586,"date":"2022-03-14T14:52:44","date_gmt":"2022-03-14T14:52:44","guid":{"rendered":"https:\/\/corporacionploc.org\/webploc\/?p=586"},"modified":"2022-03-14T14:55:31","modified_gmt":"2022-03-14T14:55:31","slug":"inauguracion-mercado-municipal","status":"publish","type":"post","link":"https:\/\/corporacionploc.org\/webploc\/2022\/03\/14\/inauguracion-mercado-municipal\/","title":{"rendered":"Inauguraci\u00f3n Mercado Municipal"},"content":{"rendered":"\n<p>Saber que&nbsp;el&nbsp;<strong>Mercado Municipal&nbsp;<\/strong>finalmente abri\u00f3&nbsp;sus puertas&nbsp; es una gran noticia para la localidad y tambi\u00e9n para nosotros, ya que fuimos parte desde los inicios de este gran proyecto: una obra que no s\u00f3lo significa nueva infraestructura sino una apuesta a poner en valor el patrimonio arquitect\u00f3nico y una respuesta a la falta de lugares de comercializaci\u00f3n de productos org\u00e1nicos, con miras al desarrollo econ\u00f3mico local.<\/p>\n\n\n\n<p>Desde su apertura la primera semana de enero de este a\u00f1o, se han realizado reuniones de vecinos con autoridades, ferias y otras actividades comunitarias.<\/p>\n\n\n\n<p><strong>Cabe recordar que el dise\u00f1o arquitect\u00f3nico fue una donaci\u00f3n de PLOC a la comunidad de Puerto Octay. El aporte fue clave en la proyecci\u00f3n y ejecuci\u00f3n de esta obra financiada por el Gobierno Regional, que cont\u00f3 con un presupuesto inferior a los 100 millones de pesos.<\/strong><\/p>\n\n\n\n<div class=\"wp-block-image\"><figure class=\"aligncenter size-large\"><img data-recalc-dims=\"1\" loading=\"lazy\" decoding=\"async\" width=\"1024\" height=\"683\" data-attachment-id=\"593\" data-permalink=\"https:\/\/corporacionploc.org\/webploc\/2022\/03\/14\/inauguracion-mercado-municipal\/img_4110-1\/\" data-orig-file=\"https:\/\/i0.wp.com\/corporacionploc.org\/webploc\/wp-content\/uploads\/2022\/03\/IMG_4110-1-scaled.jpg?fit=2560%2C1707&amp;ssl=1\" data-orig-size=\"2560,1707\" data-comments-opened=\"1\" data-image-meta=\"{&quot;aperture&quot;:&quot;4&quot;,&quot;credit&quot;:&quot;&quot;,&quot;camera&quot;:&quot;Canon EOS REBEL T5&quot;,&quot;caption&quot;:&quot;&quot;,&quot;created_timestamp&quot;:&quot;1641685879&quot;,&quot;copyright&quot;:&quot;&quot;,&quot;focal_length&quot;:&quot;21&quot;,&quot;iso&quot;:&quot;100&quot;,&quot;shutter_speed&quot;:&quot;0.002&quot;,&quot;title&quot;:&quot;&quot;,&quot;orientation&quot;:&quot;1&quot;}\" data-image-title=\"IMG_4110-1\" data-image-description=\"\" data-image-caption=\"\" data-medium-file=\"https:\/\/i0.wp.com\/corporacionploc.org\/webploc\/wp-content\/uploads\/2022\/03\/IMG_4110-1-scaled.jpg?fit=300%2C200&amp;ssl=1\" data-large-file=\"https:\/\/i0.wp.com\/corporacionploc.org\/webploc\/wp-content\/uploads\/2022\/03\/IMG_4110-1-scaled.jpg?fit=1024%2C683&amp;ssl=1\" src=\"https:\/\/i0.wp.com\/corporacionploc.org\/webploc\/wp-content\/uploads\/2022\/03\/IMG_4110-1.jpg?resize=1024%2C683&#038;ssl=1\" alt=\"\" class=\"wp-image-593\" srcset=\"https:\/\/i0.wp.com\/corporacionploc.org\/webploc\/wp-content\/uploads\/2022\/03\/IMG_4110-1-scaled.jpg?resize=1024%2C683&amp;ssl=1 1024w, https:\/\/i0.wp.com\/corporacionploc.org\/webploc\/wp-content\/uploads\/2022\/03\/IMG_4110-1-scaled.jpg?resize=300%2C200&amp;ssl=1 300w, https:\/\/i0.wp.com\/corporacionploc.org\/webploc\/wp-content\/uploads\/2022\/03\/IMG_4110-1-scaled.jpg?resize=768%2C512&amp;ssl=1 768w, https:\/\/i0.wp.com\/corporacionploc.org\/webploc\/wp-content\/uploads\/2022\/03\/IMG_4110-1-scaled.jpg?resize=1536%2C1024&amp;ssl=1 1536w, https:\/\/i0.wp.com\/corporacionploc.org\/webploc\/wp-content\/uploads\/2022\/03\/IMG_4110-1-scaled.jpg?resize=2048%2C1365&amp;ssl=1 2048w\" sizes=\"auto, (max-width: 1000px) 100vw, 1000px\" \/><\/figure><\/div>\n\n\n\n<div class=\"wp-block-image\"><figure class=\"aligncenter size-large\"><img data-recalc-dims=\"1\" loading=\"lazy\" decoding=\"async\" width=\"937\" height=\"1024\" data-attachment-id=\"594\" data-permalink=\"https:\/\/corporacionploc.org\/webploc\/2022\/03\/14\/inauguracion-mercado-municipal\/img_4096-1\/\" data-orig-file=\"https:\/\/i0.wp.com\/corporacionploc.org\/webploc\/wp-content\/uploads\/2022\/03\/IMG_4096-1.jpg?fit=1724%2C1884&amp;ssl=1\" data-orig-size=\"1724,1884\" data-comments-opened=\"1\" data-image-meta=\"{&quot;aperture&quot;:&quot;11&quot;,&quot;credit&quot;:&quot;&quot;,&quot;camera&quot;:&quot;Canon EOS REBEL T5&quot;,&quot;caption&quot;:&quot;&quot;,&quot;created_timestamp&quot;:&quot;1641685614&quot;,&quot;copyright&quot;:&quot;&quot;,&quot;focal_length&quot;:&quot;21&quot;,&quot;iso&quot;:&quot;100&quot;,&quot;shutter_speed&quot;:&quot;0.02&quot;,&quot;title&quot;:&quot;&quot;,&quot;orientation&quot;:&quot;1&quot;}\" data-image-title=\"IMG_4096-1\" data-image-description=\"\" data-image-caption=\"\" data-medium-file=\"https:\/\/i0.wp.com\/corporacionploc.org\/webploc\/wp-content\/uploads\/2022\/03\/IMG_4096-1.jpg?fit=275%2C300&amp;ssl=1\" data-large-file=\"https:\/\/i0.wp.com\/corporacionploc.org\/webploc\/wp-content\/uploads\/2022\/03\/IMG_4096-1.jpg?fit=937%2C1024&amp;ssl=1\" src=\"https:\/\/i0.wp.com\/corporacionploc.org\/webploc\/wp-content\/uploads\/2022\/03\/IMG_4096-1.jpg?resize=937%2C1024&#038;ssl=1\" alt=\"\" class=\"wp-image-594\" srcset=\"https:\/\/i0.wp.com\/corporacionploc.org\/webploc\/wp-content\/uploads\/2022\/03\/IMG_4096-1.jpg?resize=937%2C1024&amp;ssl=1 937w, https:\/\/i0.wp.com\/corporacionploc.org\/webploc\/wp-content\/uploads\/2022\/03\/IMG_4096-1.jpg?resize=275%2C300&amp;ssl=1 275w, https:\/\/i0.wp.com\/corporacionploc.org\/webploc\/wp-content\/uploads\/2022\/03\/IMG_4096-1.jpg?resize=768%2C839&amp;ssl=1 768w, https:\/\/i0.wp.com\/corporacionploc.org\/webploc\/wp-content\/uploads\/2022\/03\/IMG_4096-1.jpg?resize=1406%2C1536&amp;ssl=1 1406w, https:\/\/i0.wp.com\/corporacionploc.org\/webploc\/wp-content\/uploads\/2022\/03\/IMG_4096-1.jpg?w=1724&amp;ssl=1 1724w\" sizes=\"auto, (max-width: 937px) 100vw, 937px\" \/><\/figure><\/div>\n\n\n\n<div class=\"wp-block-image\"><figure class=\"aligncenter size-large\"><img data-recalc-dims=\"1\" loading=\"lazy\" decoding=\"async\" width=\"683\" height=\"1024\" data-attachment-id=\"595\" data-permalink=\"https:\/\/corporacionploc.org\/webploc\/2022\/03\/14\/inauguracion-mercado-municipal\/img_4121\/\" data-orig-file=\"https:\/\/i0.wp.com\/corporacionploc.org\/webploc\/wp-content\/uploads\/2022\/03\/IMG_4121-scaled.jpg?fit=1707%2C2560&amp;ssl=1\" data-orig-size=\"1707,2560\" data-comments-opened=\"1\" data-image-meta=\"{&quot;aperture&quot;:&quot;4&quot;,&quot;credit&quot;:&quot;&quot;,&quot;camera&quot;:&quot;Canon EOS REBEL T5&quot;,&quot;caption&quot;:&quot;&quot;,&quot;created_timestamp&quot;:&quot;1641686410&quot;,&quot;copyright&quot;:&quot;&quot;,&quot;focal_length&quot;:&quot;18&quot;,&quot;iso&quot;:&quot;100&quot;,&quot;shutter_speed&quot;:&quot;0.008&quot;,&quot;title&quot;:&quot;&quot;,&quot;orientation&quot;:&quot;1&quot;}\" data-image-title=\"IMG_4121\" data-image-description=\"\" data-image-caption=\"\" data-medium-file=\"https:\/\/i0.wp.com\/corporacionploc.org\/webploc\/wp-content\/uploads\/2022\/03\/IMG_4121-scaled.jpg?fit=200%2C300&amp;ssl=1\" data-large-file=\"https:\/\/i0.wp.com\/corporacionploc.org\/webploc\/wp-content\/uploads\/2022\/03\/IMG_4121-scaled.jpg?fit=683%2C1024&amp;ssl=1\" src=\"https:\/\/i0.wp.com\/corporacionploc.org\/webploc\/wp-content\/uploads\/2022\/03\/IMG_4121.jpg?resize=683%2C1024&#038;ssl=1\" alt=\"\" class=\"wp-image-595\" srcset=\"https:\/\/i0.wp.com\/corporacionploc.org\/webploc\/wp-content\/uploads\/2022\/03\/IMG_4121-scaled.jpg?resize=683%2C1024&amp;ssl=1 683w, https:\/\/i0.wp.com\/corporacionploc.org\/webploc\/wp-content\/uploads\/2022\/03\/IMG_4121-scaled.jpg?resize=200%2C300&amp;ssl=1 200w, https:\/\/i0.wp.com\/corporacionploc.org\/webploc\/wp-content\/uploads\/2022\/03\/IMG_4121-scaled.jpg?resize=768%2C1152&amp;ssl=1 768w, https:\/\/i0.wp.com\/corporacionploc.org\/webploc\/wp-content\/uploads\/2022\/03\/IMG_4121-scaled.jpg?resize=1024%2C1536&amp;ssl=1 1024w, https:\/\/i0.wp.com\/corporacionploc.org\/webploc\/wp-content\/uploads\/2022\/03\/IMG_4121-scaled.jpg?resize=1365%2C2048&amp;ssl=1 1365w, https:\/\/i0.wp.com\/corporacionploc.org\/webploc\/wp-content\/uploads\/2022\/03\/IMG_4121-scaled.jpg?w=1707&amp;ssl=1 1707w\" sizes=\"auto, (max-width: 683px) 100vw, 683px\" \/><\/figure><\/div>\n\n\n\n<div class=\"wp-block-image\"><figure class=\"aligncenter size-large\"><img data-recalc-dims=\"1\" loading=\"lazy\" decoding=\"async\" width=\"683\" height=\"1024\" data-attachment-id=\"596\" data-permalink=\"https:\/\/corporacionploc.org\/webploc\/2022\/03\/14\/inauguracion-mercado-municipal\/img_4120\/\" data-orig-file=\"https:\/\/i0.wp.com\/corporacionploc.org\/webploc\/wp-content\/uploads\/2022\/03\/IMG_4120-scaled.jpg?fit=1707%2C2560&amp;ssl=1\" data-orig-size=\"1707,2560\" data-comments-opened=\"1\" data-image-meta=\"{&quot;aperture&quot;:&quot;4&quot;,&quot;credit&quot;:&quot;&quot;,&quot;camera&quot;:&quot;Canon EOS REBEL T5&quot;,&quot;caption&quot;:&quot;&quot;,&quot;created_timestamp&quot;:&quot;1641686395&quot;,&quot;copyright&quot;:&quot;&quot;,&quot;focal_length&quot;:&quot;18&quot;,&quot;iso&quot;:&quot;100&quot;,&quot;shutter_speed&quot;:&quot;0.008&quot;,&quot;title&quot;:&quot;&quot;,&quot;orientation&quot;:&quot;1&quot;}\" data-image-title=\"IMG_4120\" data-image-description=\"\" data-image-caption=\"\" data-medium-file=\"https:\/\/i0.wp.com\/corporacionploc.org\/webploc\/wp-content\/uploads\/2022\/03\/IMG_4120-scaled.jpg?fit=200%2C300&amp;ssl=1\" data-large-file=\"https:\/\/i0.wp.com\/corporacionploc.org\/webploc\/wp-content\/uploads\/2022\/03\/IMG_4120-scaled.jpg?fit=683%2C1024&amp;ssl=1\" src=\"https:\/\/i0.wp.com\/corporacionploc.org\/webploc\/wp-content\/uploads\/2022\/03\/IMG_4120.jpg?resize=683%2C1024&#038;ssl=1\" alt=\"\" class=\"wp-image-596\" srcset=\"https:\/\/i0.wp.com\/corporacionploc.org\/webploc\/wp-content\/uploads\/2022\/03\/IMG_4120-scaled.jpg?resize=683%2C1024&amp;ssl=1 683w, https:\/\/i0.wp.com\/corporacionploc.org\/webploc\/wp-content\/uploads\/2022\/03\/IMG_4120-scaled.jpg?resize=200%2C300&amp;ssl=1 200w, https:\/\/i0.wp.com\/corporacionploc.org\/webploc\/wp-content\/uploads\/2022\/03\/IMG_4120-scaled.jpg?resize=768%2C1152&amp;ssl=1 768w, https:\/\/i0.wp.com\/corporacionploc.org\/webploc\/wp-content\/uploads\/2022\/03\/IMG_4120-scaled.jpg?resize=1024%2C1536&amp;ssl=1 1024w, https:\/\/i0.wp.com\/corporacionploc.org\/webploc\/wp-content\/uploads\/2022\/03\/IMG_4120-scaled.jpg?resize=1365%2C2048&amp;ssl=1 1365w, https:\/\/i0.wp.com\/corporacionploc.org\/webploc\/wp-content\/uploads\/2022\/03\/IMG_4120-scaled.jpg?w=1707&amp;ssl=1 1707w\" sizes=\"auto, (max-width: 683px) 100vw, 683px\" \/><\/figure><\/div>\n\n\n","protected":false},"excerpt":{"rendered":"<p>Saber que&nbsp;el&nbsp;Mercado Municipal&nbsp;finalmente abri\u00f3&nbsp;sus puertas&nbsp; es una gran noticia para la localidad y tambi\u00e9n para nosotros, ya que fuimos parte desde los inicios de este gran proyecto: una obra que no s\u00f3lo significa nueva infraestructura sino una apuesta a poner en valor el patrimonio arquitect\u00f3nico y una respuesta a la falta de lugares de comercializaci\u00f3n [&hellip;]<\/p>\n","protected":false},"author":2,"featured_media":587,"comment_status":"open","ping_status":"open","sticky":false,"template":"","format":"standard","meta":{"site-sidebar-layout":"default","site-content-layout":"","ast-site-content-layout":"default","site-content-style":"default","site-sidebar-style":"default","ast-global-header-display":"","ast-banner-title-visibility":"","ast-main-header-display":"","ast-hfb-above-header-display":"","ast-hfb-below-header-display":"","ast-hfb-mobile-header-display":"","site-post-title":"","ast-breadcrumbs-content":"","ast-featured-img":"","footer-sml-layout":"","theme-transparent-header-meta":"","adv-header-id-meta":"","stick-header-meta":"","header-above-stick-meta":"","header-main-stick-meta":"","header-below-stick-meta":"","astra-migrate-meta-layouts":"default","ast-page-background-enabled":"default","ast-page-background-meta":{"desktop":{"background-color":"var(--ast-global-color-4)","background-image":"","background-repeat":"repeat","background-position":"center center","background-size":"auto","background-attachment":"scroll","background-type":"","background-media":"","overlay-type":"","overlay-color":"","overlay-opacity":"","overlay-gradient":""},"tablet":{"background-color":"","background-image":"","background-repeat":"repeat","background-position":"center center","background-size":"auto","background-attachment":"scroll","background-type":"","background-media":"","overlay-type":"","overlay-color":"","overlay-opacity":"","overlay-gradient":""},"mobile":{"background-color":"","background-image":"","background-repeat":"repeat","background-position":"center center","background-size":"auto","background-attachment":"scroll","background-type":"","background-media":"","overlay-type":"","overlay-color":"","overlay-opacity":"","overlay-gradient":""}},"ast-content-background-meta":{"desktop":{"background-color":"var(--ast-global-color-5)","background-image":"","background-repeat":"repeat","background-position":"center center","background-size":"auto","background-attachment":"scroll","background-type":"","background-media":"","overlay-type":"","overlay-color":"","overlay-opacity":"","overlay-gradient":""},"tablet":{"background-color":"var(--ast-global-color-5)","background-image":"","background-repeat":"repeat","background-position":"center center","background-size":"auto","background-attachment":"scroll","background-type":"","background-media":"","overlay-type":"","overlay-color":"","overlay-opacity":"","overlay-gradient":""},"mobile":{"background-color":"var(--ast-global-color-5)","background-image":"","background-repeat":"repeat","background-position":"center center","background-size":"auto","background-attachment":"scroll","background-type":"","background-media":"","overlay-type":"","overlay-color":"","overlay-opacity":"","overlay-gradient":""}},"_jetpack_memberships_contains_paid_content":false,"footnotes":""},"categories":[1],"tags":[],"class_list":["post-586","post","type-post","status-publish","format-standard","has-post-thumbnail","hentry","category-general"],"rise-blocks_total_comments":9,"rise-blocks_categories":[{"term_id":1,"name":"General","slug":"general","term_group":0,"term_taxonomy_id":1,"taxonomy":"category","description":"","parent":0,"count":11,"filter":"raw","cat_ID":1,"category_count":11,"category_description":"","cat_name":"General","category_nicename":"general","category_parent":0}],"rise-blocks_excerpt":"Saber que&nbsp;el&nbsp;Mercado Municipal&nbsp;finalmente abri\u00f3&nbsp;sus puertas&nbsp; es una gran noticia para la localidad y tambi\u00e9n para nosotros, ya que fuimos parte desde los inicios de este gran proyecto: una obra que no s\u00f3lo significa nueva infraestructura sino una apuesta a poner en valor el patrimonio arquitect\u00f3nico y una respuesta a la falta de lugares de comercializaci\u00f3n de productos org\u00e1nicos, con miras..","jetpack_featured_media_url":"https:\/\/i0.wp.com\/corporacionploc.org\/webploc\/wp-content\/uploads\/2022\/03\/IMG_4110-scaled.jpg?fit=2560%2C1707&ssl=1","jetpack_sharing_enabled":true,"_links":{"self":[{"href":"https:\/\/corporacionploc.org\/webploc\/wp-json\/wp\/v2\/posts\/586","targetHints":{"allow":["GET"]}}],"collection":[{"href":"https:\/\/corporacionploc.org\/webploc\/wp-json\/wp\/v2\/posts"}],"about":[{"href":"https:\/\/corporacionploc.org\/webploc\/wp-json\/wp\/v2\/types\/post"}],"author":[{"embeddable":true,"href":"https:\/\/corporacionploc.org\/webploc\/wp-json\/wp\/v2\/users\/2"}],"replies":[{"embeddable":true,"href":"https:\/\/corporacionploc.org\/webploc\/wp-json\/wp\/v2\/comments?post=586"}],"version-history":[{"count":4,"href":"https:\/\/corporacionploc.org\/webploc\/wp-json\/wp\/v2\/posts\/586\/revisions"}],"predecessor-version":[{"id":599,"href":"https:\/\/corporacionploc.org\/webploc\/wp-json\/wp\/v2\/posts\/586\/revisions\/599"}],"wp:featuredmedia":[{"embeddable":true,"href":"https:\/\/corporacionploc.org\/webploc\/wp-json\/wp\/v2\/media\/587"}],"wp:attachment":[{"href":"https:\/\/corporacionploc.org\/webploc\/wp-json\/wp\/v2\/media?parent=586"}],"wp:term":[{"taxonomy":"category","embeddable":true,"href":"https:\/\/corporacionploc.org\/webploc\/wp-json\/wp\/v2\/categories?post=586"},{"taxonomy":"post_tag","embeddable":true,"href":"https:\/\/corporacionploc.org\/webploc\/wp-json\/wp\/v2\/tags?post=586"}],"curies":[{"name":"wp","href":"https:\/\/api.w.org\/{rel}","templated":true}]}}