{"id":569,"date":"2021-11-30T14:27:39","date_gmt":"2021-11-30T14:27:39","guid":{"rendered":"https:\/\/corporacionploc.org\/webploc\/?p=569"},"modified":"2021-11-30T14:27:42","modified_gmt":"2021-11-30T14:27:42","slug":"celebracion-dia-del-bibliomovil","status":"publish","type":"post","link":"https:\/\/corporacionploc.org\/webploc\/2021\/11\/30\/celebracion-dia-del-bibliomovil\/","title":{"rendered":"Celebraci\u00f3n D\u00eda del Bibliom\u00f3vil"},"content":{"rendered":"\n<div class=\"wp-block-image\"><figure class=\"aligncenter size-large is-resized\"><img data-recalc-dims=\"1\" loading=\"lazy\" decoding=\"async\" data-attachment-id=\"574\" data-permalink=\"https:\/\/corporacionploc.org\/webploc\/2021\/11\/30\/celebracion-dia-del-bibliomovil\/whatsapp-image-2021-10-20-at-12-34-15-1\/\" data-orig-file=\"https:\/\/i0.wp.com\/corporacionploc.org\/webploc\/wp-content\/uploads\/2021\/11\/WhatsApp-Image-2021-10-20-at-12.34.15-1.jpeg?fit=1600%2C1200&amp;ssl=1\" data-orig-size=\"1600,1200\" data-comments-opened=\"1\" data-image-meta=\"{&quot;aperture&quot;:&quot;0&quot;,&quot;credit&quot;:&quot;&quot;,&quot;camera&quot;:&quot;&quot;,&quot;caption&quot;:&quot;&quot;,&quot;created_timestamp&quot;:&quot;0&quot;,&quot;copyright&quot;:&quot;&quot;,&quot;focal_length&quot;:&quot;0&quot;,&quot;iso&quot;:&quot;0&quot;,&quot;shutter_speed&quot;:&quot;0&quot;,&quot;title&quot;:&quot;&quot;,&quot;orientation&quot;:&quot;0&quot;}\" data-image-title=\"WhatsApp-Image-2021-10-20-at-12.34.15-1\" data-image-description=\"\" data-image-caption=\"\" data-medium-file=\"https:\/\/i0.wp.com\/corporacionploc.org\/webploc\/wp-content\/uploads\/2021\/11\/WhatsApp-Image-2021-10-20-at-12.34.15-1.jpeg?fit=300%2C225&amp;ssl=1\" data-large-file=\"https:\/\/i0.wp.com\/corporacionploc.org\/webploc\/wp-content\/uploads\/2021\/11\/WhatsApp-Image-2021-10-20-at-12.34.15-1.jpeg?fit=1024%2C768&amp;ssl=1\" src=\"https:\/\/i0.wp.com\/corporacionploc.org\/webploc\/wp-content\/uploads\/2021\/11\/WhatsApp-Image-2021-10-20-at-12.34.15-1.jpeg?resize=533%2C400&#038;ssl=1\" alt=\"\" class=\"wp-image-574\" width=\"533\" height=\"400\" srcset=\"https:\/\/i0.wp.com\/corporacionploc.org\/webploc\/wp-content\/uploads\/2021\/11\/WhatsApp-Image-2021-10-20-at-12.34.15-1.jpeg?resize=1024%2C768&amp;ssl=1 1024w, https:\/\/i0.wp.com\/corporacionploc.org\/webploc\/wp-content\/uploads\/2021\/11\/WhatsApp-Image-2021-10-20-at-12.34.15-1.jpeg?resize=300%2C225&amp;ssl=1 300w, https:\/\/i0.wp.com\/corporacionploc.org\/webploc\/wp-content\/uploads\/2021\/11\/WhatsApp-Image-2021-10-20-at-12.34.15-1.jpeg?resize=768%2C576&amp;ssl=1 768w, https:\/\/i0.wp.com\/corporacionploc.org\/webploc\/wp-content\/uploads\/2021\/11\/WhatsApp-Image-2021-10-20-at-12.34.15-1.jpeg?resize=1536%2C1152&amp;ssl=1 1536w, https:\/\/i0.wp.com\/corporacionploc.org\/webploc\/wp-content\/uploads\/2021\/11\/WhatsApp-Image-2021-10-20-at-12.34.15-1.jpeg?w=1600&amp;ssl=1 1600w\" sizes=\"auto, (max-width: 533px) 100vw, 533px\" \/><\/figure><\/div>\n\n\n\n<p>Con motivo de celebrarse a nivel nacional el D\u00eda del Bibliom\u00f3vil,\u00a0la Biblioteca Municipal de Puerto Octay organiz\u00f3 una actividad en la Plaza de Armas. All\u00ed,\u00a0el Bibliom\u00f3vil de Puerto Octay estuvo en el centro de la escena y fue tel\u00f3n de fondo para actividades y juegos que entretuvieron a ni\u00f1os y adultos.<br><br>Adem\u00e1s, se realiz\u00f3 un peque\u00f1o acto para visibilizar y agradecer el apoyo de diversas organizaciones. All\u00ed, el PLOC fue reconocido como colaborador estrat\u00e9gico: A la fecha, hemos participado activamente en la adquisici\u00f3n del Bibliom\u00f3vil donado por Manuka S.A., y apoyado tres concursos, en los que donamos premios, gestionamos aportes de empresas de la zona, hacemos difusi\u00f3n y participamos del jurado. <\/p>\n\n\n\n<p>Este reconocimiento nos llena de orgullo ya que, como parte de nuestros lineamientos es un gusto ser parte del desarrollo cultural de la comuna.\u00a0<\/p>\n","protected":false},"excerpt":{"rendered":"<p>Con motivo de celebrarse a nivel nacional el D\u00eda del Bibliom\u00f3vil,\u00a0la Biblioteca Municipal de Puerto Octay organiz\u00f3 una actividad en la Plaza de Armas. All\u00ed,\u00a0el Bibliom\u00f3vil de Puerto Octay estuvo en el centro de la escena y fue tel\u00f3n de fondo para actividades y juegos que entretuvieron a ni\u00f1os y adultos.Adem\u00e1s, se realiz\u00f3 un peque\u00f1o [&hellip;]<\/p>\n","protected":false},"author":2,"featured_media":574,"comment_status":"open","ping_status":"open","sticky":false,"template":"","format":"standard","meta":{"site-sidebar-layout":"default","site-content-layout":"default","ast-site-content-layout":"default","site-content-style":"default","site-sidebar-style":"default","ast-global-header-display":"","ast-banner-title-visibility":"","ast-main-header-display":"","ast-hfb-above-header-display":"","ast-hfb-below-header-display":"","ast-hfb-mobile-header-display":"","site-post-title":"","ast-breadcrumbs-content":"","ast-featured-img":"","footer-sml-layout":"","theme-transparent-header-meta":"default","adv-header-id-meta":"","stick-header-meta":"","header-above-stick-meta":"","header-main-stick-meta":"","header-below-stick-meta":"","astra-migrate-meta-layouts":"default","ast-page-background-enabled":"default","ast-page-background-meta":{"desktop":{"background-color":"var(--ast-global-color-4)","background-image":"","background-repeat":"repeat","background-position":"center center","background-size":"auto","background-attachment":"scroll","background-type":"","background-media":"","overlay-type":"","overlay-color":"","overlay-opacity":"","overlay-gradient":""},"tablet":{"background-color":"","background-image":"","background-repeat":"repeat","background-position":"center center","background-size":"auto","background-attachment":"scroll","background-type":"","background-media":"","overlay-type":"","overlay-color":"","overlay-opacity":"","overlay-gradient":""},"mobile":{"background-color":"","background-image":"","background-repeat":"repeat","background-position":"center center","background-size":"auto","background-attachment":"scroll","background-type":"","background-media":"","overlay-type":"","overlay-color":"","overlay-opacity":"","overlay-gradient":""}},"ast-content-background-meta":{"desktop":{"background-color":"var(--ast-global-color-5)","background-image":"","background-repeat":"repeat","background-position":"center center","background-size":"auto","background-attachment":"scroll","background-type":"","background-media":"","overlay-type":"","overlay-color":"","overlay-opacity":"","overlay-gradient":""},"tablet":{"background-color":"var(--ast-global-color-5)","background-image":"","background-repeat":"repeat","background-position":"center center","background-size":"auto","background-attachment":"scroll","background-type":"","background-media":"","overlay-type":"","overlay-color":"","overlay-opacity":"","overlay-gradient":""},"mobile":{"background-color":"var(--ast-global-color-5)","background-image":"","background-repeat":"repeat","background-position":"center center","background-size":"auto","background-attachment":"scroll","background-type":"","background-media":"","overlay-type":"","overlay-color":"","overlay-opacity":"","overlay-gradient":""}},"_jetpack_memberships_contains_paid_content":false,"footnotes":""},"categories":[1],"tags":[],"class_list":["post-569","post","type-post","status-publish","format-standard","has-post-thumbnail","hentry","category-general"],"rise-blocks_total_comments":17,"rise-blocks_categories":[{"term_id":1,"name":"General","slug":"general","term_group":0,"term_taxonomy_id":1,"taxonomy":"category","description":"","parent":0,"count":11,"filter":"raw","cat_ID":1,"category_count":11,"category_description":"","cat_name":"General","category_nicename":"general","category_parent":0}],"rise-blocks_excerpt":"Con motivo de celebrarse a nivel nacional el D\u00eda del Bibliom\u00f3vil,\u00a0la Biblioteca Municipal de Puerto Octay organiz\u00f3 una actividad en la Plaza de Armas. All\u00ed,\u00a0el Bibliom\u00f3vil de Puerto Octay estuvo en el centro de la escena y fue tel\u00f3n de fondo para actividades y juegos que entretuvieron a ni\u00f1os y adultos.Adem\u00e1s, se realiz\u00f3 un peque\u00f1o acto para visibilizar y agradecer..","jetpack_featured_media_url":"https:\/\/i0.wp.com\/corporacionploc.org\/webploc\/wp-content\/uploads\/2021\/11\/WhatsApp-Image-2021-10-20-at-12.34.15-1.jpeg?fit=1600%2C1200&ssl=1","jetpack_sharing_enabled":true,"_links":{"self":[{"href":"https:\/\/corporacionploc.org\/webploc\/wp-json\/wp\/v2\/posts\/569","targetHints":{"allow":["GET"]}}],"collection":[{"href":"https:\/\/corporacionploc.org\/webploc\/wp-json\/wp\/v2\/posts"}],"about":[{"href":"https:\/\/corporacionploc.org\/webploc\/wp-json\/wp\/v2\/types\/post"}],"author":[{"embeddable":true,"href":"https:\/\/corporacionploc.org\/webploc\/wp-json\/wp\/v2\/users\/2"}],"replies":[{"embeddable":true,"href":"https:\/\/corporacionploc.org\/webploc\/wp-json\/wp\/v2\/comments?post=569"}],"version-history":[{"count":4,"href":"https:\/\/corporacionploc.org\/webploc\/wp-json\/wp\/v2\/posts\/569\/revisions"}],"predecessor-version":[{"id":576,"href":"https:\/\/corporacionploc.org\/webploc\/wp-json\/wp\/v2\/posts\/569\/revisions\/576"}],"wp:featuredmedia":[{"embeddable":true,"href":"https:\/\/corporacionploc.org\/webploc\/wp-json\/wp\/v2\/media\/574"}],"wp:attachment":[{"href":"https:\/\/corporacionploc.org\/webploc\/wp-json\/wp\/v2\/media?parent=569"}],"wp:term":[{"taxonomy":"category","embeddable":true,"href":"https:\/\/corporacionploc.org\/webploc\/wp-json\/wp\/v2\/categories?post=569"},{"taxonomy":"post_tag","embeddable":true,"href":"https:\/\/corporacionploc.org\/webploc\/wp-json\/wp\/v2\/tags?post=569"}],"curies":[{"name":"wp","href":"https:\/\/api.w.org\/{rel}","templated":true}]}}