{"id":395,"date":"2021-08-25T00:20:07","date_gmt":"2021-08-25T00:20:07","guid":{"rendered":"https:\/\/corporacionploc.org\/webploc\/?p=395"},"modified":"2021-09-06T15:35:51","modified_gmt":"2021-09-06T15:35:51","slug":"cambio-en-la-gestion-municipal","status":"publish","type":"post","link":"https:\/\/corporacionploc.org\/webploc\/2021\/08\/25\/cambio-en-la-gestion-municipal\/","title":{"rendered":"Cambio en la Gesti\u00f3n Municipal"},"content":{"rendered":"\n<div class=\"wp-block-image\"><figure class=\"aligncenter size-large is-resized\"><img data-recalc-dims=\"1\" loading=\"lazy\" decoding=\"async\" data-attachment-id=\"396\" data-permalink=\"https:\/\/corporacionploc.org\/webploc\/2021\/08\/25\/cambio-en-la-gestion-municipal\/cambio-gestion_municipal\/\" data-orig-file=\"https:\/\/i0.wp.com\/corporacionploc.org\/webploc\/wp-content\/uploads\/2021\/08\/CAMBIO-GESTION_MUNICIPAL.jpeg?fit=1280%2C960&amp;ssl=1\" data-orig-size=\"1280,960\" data-comments-opened=\"1\" data-image-meta=\"{&quot;aperture&quot;:&quot;0&quot;,&quot;credit&quot;:&quot;&quot;,&quot;camera&quot;:&quot;&quot;,&quot;caption&quot;:&quot;&quot;,&quot;created_timestamp&quot;:&quot;0&quot;,&quot;copyright&quot;:&quot;&quot;,&quot;focal_length&quot;:&quot;0&quot;,&quot;iso&quot;:&quot;0&quot;,&quot;shutter_speed&quot;:&quot;0&quot;,&quot;title&quot;:&quot;&quot;,&quot;orientation&quot;:&quot;1&quot;}\" data-image-title=\"CAMBIO GESTION_MUNICIPAL\" data-image-description=\"\" data-image-caption=\"\" data-medium-file=\"https:\/\/i0.wp.com\/corporacionploc.org\/webploc\/wp-content\/uploads\/2021\/08\/CAMBIO-GESTION_MUNICIPAL.jpeg?fit=300%2C225&amp;ssl=1\" data-large-file=\"https:\/\/i0.wp.com\/corporacionploc.org\/webploc\/wp-content\/uploads\/2021\/08\/CAMBIO-GESTION_MUNICIPAL.jpeg?fit=1024%2C768&amp;ssl=1\" src=\"https:\/\/i0.wp.com\/corporacionploc.org\/webploc\/wp-content\/uploads\/2021\/08\/CAMBIO-GESTION_MUNICIPAL.jpeg?resize=404%2C303&#038;ssl=1\" alt=\"\" class=\"wp-image-396\" width=\"404\" height=\"303\" srcset=\"https:\/\/i0.wp.com\/corporacionploc.org\/webploc\/wp-content\/uploads\/2021\/08\/CAMBIO-GESTION_MUNICIPAL.jpeg?resize=1024%2C768&amp;ssl=1 1024w, https:\/\/i0.wp.com\/corporacionploc.org\/webploc\/wp-content\/uploads\/2021\/08\/CAMBIO-GESTION_MUNICIPAL.jpeg?resize=300%2C225&amp;ssl=1 300w, https:\/\/i0.wp.com\/corporacionploc.org\/webploc\/wp-content\/uploads\/2021\/08\/CAMBIO-GESTION_MUNICIPAL.jpeg?resize=768%2C576&amp;ssl=1 768w, https:\/\/i0.wp.com\/corporacionploc.org\/webploc\/wp-content\/uploads\/2021\/08\/CAMBIO-GESTION_MUNICIPAL.jpeg?w=1280&amp;ssl=1 1280w\" sizes=\"auto, (max-width: 404px) 100vw, 404px\" \/><\/figure><\/div>\n\n\n\n<p>Luego de casi cuatro a\u00f1os de llevar adelante la gesti\u00f3n municipal, la alcaldesa&nbsp;Mar\u00eda Elena Ojeda B. dej\u00f3 su puesto para dar paso al alcalde electo&nbsp;Sr. Gerardo Gunckel.&nbsp;El cese de funciones ocurri\u00f3 formalmente el d\u00eda 28 de junio y ha sido un momento importante de agradecimiento de nuestra parte, por el trabajo realizado y su siempre buena predisposici\u00f3n, tanto de ella como de su equipo, para nuestras gestiones como organizaci\u00f3n sin fines de lucro.&nbsp;<\/p>\n\n\n\n<p><br>Ante el cambio de mando, nos pusimos a disposici\u00f3n de la nueva gesti\u00f3n municipal y coordinamos para agosto una reuni\u00f3n bilateral, en la que pretendemos presentarnos formalmente y exponer acerca de nuestros proyectos tanto en marcha como en carpeta.&nbsp;<\/p>\n\n\n\n<p>Tanto por los acuerdos necesarios como por el uso de infraestructura municipal, aguardamos esta instancia de encuentro y esperamos poder continuar el trabajo conjunto que, desde nuestros or\u00edgenes, hemos mantenido con la Alcad\u00eda de Puerto Octay.&nbsp;<\/p>\n","protected":false},"excerpt":{"rendered":"<p>Luego de casi cuatro a\u00f1os de llevar adelante la gesti\u00f3n municipal, la alcaldesa&nbsp;Mar\u00eda Elena Ojeda B. dej\u00f3 su puesto para dar paso al alcalde electo&nbsp;Sr. Gerardo Gunckel.&nbsp;El cese de funciones ocurri\u00f3 formalmente el d\u00eda 28 de junio y ha sido un momento importante de agradecimiento de nuestra parte, por el trabajo realizado y su siempre [&hellip;]<\/p>\n","protected":false},"author":2,"featured_media":396,"comment_status":"open","ping_status":"open","sticky":false,"template":"","format":"standard","meta":{"site-sidebar-layout":"default","site-content-layout":"default","ast-site-content-layout":"default","site-content-style":"default","site-sidebar-style":"default","ast-global-header-display":"","ast-banner-title-visibility":"","ast-main-header-display":"","ast-hfb-above-header-display":"","ast-hfb-below-header-display":"","ast-hfb-mobile-header-display":"","site-post-title":"","ast-breadcrumbs-content":"","ast-featured-img":"","footer-sml-layout":"","theme-transparent-header-meta":"default","adv-header-id-meta":"","stick-header-meta":"","header-above-stick-meta":"","header-main-stick-meta":"","header-below-stick-meta":"","astra-migrate-meta-layouts":"default","ast-page-background-enabled":"default","ast-page-background-meta":{"desktop":{"background-color":"var(--ast-global-color-4)","background-image":"","background-repeat":"repeat","background-position":"center center","background-size":"auto","background-attachment":"scroll","background-type":"","background-media":"","overlay-type":"","overlay-color":"","overlay-opacity":"","overlay-gradient":""},"tablet":{"background-color":"","background-image":"","background-repeat":"repeat","background-position":"center center","background-size":"auto","background-attachment":"scroll","background-type":"","background-media":"","overlay-type":"","overlay-color":"","overlay-opacity":"","overlay-gradient":""},"mobile":{"background-color":"","background-image":"","background-repeat":"repeat","background-position":"center center","background-size":"auto","background-attachment":"scroll","background-type":"","background-media":"","overlay-type":"","overlay-color":"","overlay-opacity":"","overlay-gradient":""}},"ast-content-background-meta":{"desktop":{"background-color":"var(--ast-global-color-5)","background-image":"","background-repeat":"repeat","background-position":"center center","background-size":"auto","background-attachment":"scroll","background-type":"","background-media":"","overlay-type":"","overlay-color":"","overlay-opacity":"","overlay-gradient":""},"tablet":{"background-color":"var(--ast-global-color-5)","background-image":"","background-repeat":"repeat","background-position":"center center","background-size":"auto","background-attachment":"scroll","background-type":"","background-media":"","overlay-type":"","overlay-color":"","overlay-opacity":"","overlay-gradient":""},"mobile":{"background-color":"var(--ast-global-color-5)","background-image":"","background-repeat":"repeat","background-position":"center center","background-size":"auto","background-attachment":"scroll","background-type":"","background-media":"","overlay-type":"","overlay-color":"","overlay-opacity":"","overlay-gradient":""}},"_jetpack_memberships_contains_paid_content":false,"footnotes":""},"categories":[1],"tags":[],"class_list":["post-395","post","type-post","status-publish","format-standard","has-post-thumbnail","hentry","category-general"],"rise-blocks_total_comments":7,"rise-blocks_categories":[{"term_id":1,"name":"General","slug":"general","term_group":0,"term_taxonomy_id":1,"taxonomy":"category","description":"","parent":0,"count":11,"filter":"raw","cat_ID":1,"category_count":11,"category_description":"","cat_name":"General","category_nicename":"general","category_parent":0}],"rise-blocks_excerpt":"Luego de casi cuatro a\u00f1os de llevar adelante la gesti\u00f3n municipal, la alcaldesa&nbsp;Mar\u00eda Elena Ojeda B. dej\u00f3 su puesto para dar paso al alcalde electo&nbsp;Sr. Gerardo Gunckel.&nbsp;El cese de funciones ocurri\u00f3 formalmente el d\u00eda 28 de junio y ha sido un momento importante de agradecimiento de nuestra parte, por el trabajo realizado y su siempre buena predisposici\u00f3n, tanto de ella..","jetpack_featured_media_url":"https:\/\/i0.wp.com\/corporacionploc.org\/webploc\/wp-content\/uploads\/2021\/08\/CAMBIO-GESTION_MUNICIPAL.jpeg?fit=1280%2C960&ssl=1","jetpack_sharing_enabled":true,"_links":{"self":[{"href":"https:\/\/corporacionploc.org\/webploc\/wp-json\/wp\/v2\/posts\/395","targetHints":{"allow":["GET"]}}],"collection":[{"href":"https:\/\/corporacionploc.org\/webploc\/wp-json\/wp\/v2\/posts"}],"about":[{"href":"https:\/\/corporacionploc.org\/webploc\/wp-json\/wp\/v2\/types\/post"}],"author":[{"embeddable":true,"href":"https:\/\/corporacionploc.org\/webploc\/wp-json\/wp\/v2\/users\/2"}],"replies":[{"embeddable":true,"href":"https:\/\/corporacionploc.org\/webploc\/wp-json\/wp\/v2\/comments?post=395"}],"version-history":[{"count":3,"href":"https:\/\/corporacionploc.org\/webploc\/wp-json\/wp\/v2\/posts\/395\/revisions"}],"predecessor-version":[{"id":504,"href":"https:\/\/corporacionploc.org\/webploc\/wp-json\/wp\/v2\/posts\/395\/revisions\/504"}],"wp:featuredmedia":[{"embeddable":true,"href":"https:\/\/corporacionploc.org\/webploc\/wp-json\/wp\/v2\/media\/396"}],"wp:attachment":[{"href":"https:\/\/corporacionploc.org\/webploc\/wp-json\/wp\/v2\/media?parent=395"}],"wp:term":[{"taxonomy":"category","embeddable":true,"href":"https:\/\/corporacionploc.org\/webploc\/wp-json\/wp\/v2\/categories?post=395"},{"taxonomy":"post_tag","embeddable":true,"href":"https:\/\/corporacionploc.org\/webploc\/wp-json\/wp\/v2\/tags?post=395"}],"curies":[{"name":"wp","href":"https:\/\/api.w.org\/{rel}","templated":true}]}}