{"id":387,"date":"2021-08-25T00:17:50","date_gmt":"2021-08-25T00:17:50","guid":{"rendered":"https:\/\/corporacionploc.org\/webploc\/?p=387"},"modified":"2021-09-06T15:39:29","modified_gmt":"2021-09-06T15:39:29","slug":"programa-quiero-mi-barrio-en-villa-puerto-octay","status":"publish","type":"post","link":"https:\/\/corporacionploc.org\/webploc\/2021\/08\/25\/programa-quiero-mi-barrio-en-villa-puerto-octay\/","title":{"rendered":"Programa quiero mi barrio en Villa Puerto Octay"},"content":{"rendered":"\n<div class=\"wp-block-image\"><figure class=\"aligncenter size-large is-resized\"><img data-recalc-dims=\"1\" loading=\"lazy\" decoding=\"async\" data-attachment-id=\"388\" data-permalink=\"https:\/\/corporacionploc.org\/webploc\/2021\/08\/25\/programa-quiero-mi-barrio-en-villa-puerto-octay\/programa-qmb\/\" data-orig-file=\"https:\/\/i0.wp.com\/corporacionploc.org\/webploc\/wp-content\/uploads\/2021\/08\/PROGRAMA-QMB.jpeg?fit=1280%2C960&amp;ssl=1\" data-orig-size=\"1280,960\" data-comments-opened=\"1\" data-image-meta=\"{&quot;aperture&quot;:&quot;0&quot;,&quot;credit&quot;:&quot;&quot;,&quot;camera&quot;:&quot;&quot;,&quot;caption&quot;:&quot;&quot;,&quot;created_timestamp&quot;:&quot;0&quot;,&quot;copyright&quot;:&quot;&quot;,&quot;focal_length&quot;:&quot;0&quot;,&quot;iso&quot;:&quot;0&quot;,&quot;shutter_speed&quot;:&quot;0&quot;,&quot;title&quot;:&quot;&quot;,&quot;orientation&quot;:&quot;0&quot;}\" data-image-title=\"PROGRAMA QMB\" data-image-description=\"\" data-image-caption=\"\" data-medium-file=\"https:\/\/i0.wp.com\/corporacionploc.org\/webploc\/wp-content\/uploads\/2021\/08\/PROGRAMA-QMB.jpeg?fit=300%2C225&amp;ssl=1\" data-large-file=\"https:\/\/i0.wp.com\/corporacionploc.org\/webploc\/wp-content\/uploads\/2021\/08\/PROGRAMA-QMB.jpeg?fit=1024%2C768&amp;ssl=1\" src=\"https:\/\/i0.wp.com\/corporacionploc.org\/webploc\/wp-content\/uploads\/2021\/08\/PROGRAMA-QMB.jpeg?resize=384%2C288&#038;ssl=1\" alt=\"\" class=\"wp-image-388\" width=\"384\" height=\"288\" srcset=\"https:\/\/i0.wp.com\/corporacionploc.org\/webploc\/wp-content\/uploads\/2021\/08\/PROGRAMA-QMB.jpeg?resize=1024%2C768&amp;ssl=1 1024w, https:\/\/i0.wp.com\/corporacionploc.org\/webploc\/wp-content\/uploads\/2021\/08\/PROGRAMA-QMB.jpeg?resize=300%2C225&amp;ssl=1 300w, https:\/\/i0.wp.com\/corporacionploc.org\/webploc\/wp-content\/uploads\/2021\/08\/PROGRAMA-QMB.jpeg?resize=768%2C576&amp;ssl=1 768w, https:\/\/i0.wp.com\/corporacionploc.org\/webploc\/wp-content\/uploads\/2021\/08\/PROGRAMA-QMB.jpeg?w=1280&amp;ssl=1 1280w\" sizes=\"auto, (max-width: 384px) 100vw, 384px\" \/><\/figure><\/div>\n\n\n\n<p>En el mes de noviembre del 2020 inici\u00f3 en nuestra Villa un importante programa que pone a los vecinos en el centro de la escena: el \u201cQuiero Mi barrio\u201d. Financiado con recursos fiscales del MINVU se propone intervenir con obras de infraestructura y sociales en un pol\u00edgono que, en el caso de Puerto Octay, abarca gran parte de la zona urbana.&nbsp;<\/p>\n\n\n\n<p>Lo interesante de la propuesta es que son los vecinos quieren deciden y priorizan las \u00e1reas y tipo de obras a financiar, bas\u00e1ndose en su experiencia y necesidades como habitantes del territorio.&nbsp;<\/p>\n\n\n\n<p>Para lograr esa llegada, el MINVU conform\u00f3 un equipo barrial integrado por la arquitecta Nicole Cofr\u00e9, la soci\u00f3loga Claudia Fern\u00e1ndez y el encargado de comunicaciones Oscar \u00c1lvarez, que se unieron a las oficinas de la SECPLAN municipal y son el principal articulador entre los vecinos y la contraparte fiscal.&nbsp;<\/p>\n\n\n\n<p>Adem\u00e1s, el programa contempla la intervenci\u00f3n durante la etapa de diagn\u00f3stico de la Fundaci\u00f3n Urbanismo Social que, con su equipo de expertos en urbanismo y participaci\u00f3n ciudadana, han liderado diferentes instancias. Talleres, recorridos, encuestas, reuniones virtuales y otras t\u00e9cnicas de participaci\u00f3n que han ido delineando las necesidades de los vecinos y traduci\u00e9ndolas en potenciales obras a desarrollar en el marco de este programa que tiene una duraci\u00f3n total de 3,5 a\u00f1os.&nbsp;<\/p>\n","protected":false},"excerpt":{"rendered":"<p>En el mes de noviembre del 2020 inici\u00f3 en nuestra Villa un importante programa que pone a los vecinos en el centro de la escena: el \u201cQuiero Mi barrio\u201d. Financiado con recursos fiscales del MINVU se propone intervenir con obras de infraestructura y sociales en un pol\u00edgono que, en el caso de Puerto Octay, abarca [&hellip;]<\/p>\n","protected":false},"author":2,"featured_media":388,"comment_status":"open","ping_status":"open","sticky":false,"template":"","format":"standard","meta":{"site-sidebar-layout":"default","site-content-layout":"default","ast-site-content-layout":"default","site-content-style":"default","site-sidebar-style":"default","ast-global-header-display":"","ast-banner-title-visibility":"","ast-main-header-display":"","ast-hfb-above-header-display":"","ast-hfb-below-header-display":"","ast-hfb-mobile-header-display":"","site-post-title":"","ast-breadcrumbs-content":"","ast-featured-img":"","footer-sml-layout":"","theme-transparent-header-meta":"default","adv-header-id-meta":"","stick-header-meta":"","header-above-stick-meta":"","header-main-stick-meta":"","header-below-stick-meta":"","astra-migrate-meta-layouts":"default","ast-page-background-enabled":"default","ast-page-background-meta":{"desktop":{"background-color":"var(--ast-global-color-4)","background-image":"","background-repeat":"repeat","background-position":"center center","background-size":"auto","background-attachment":"scroll","background-type":"","background-media":"","overlay-type":"","overlay-color":"","overlay-opacity":"","overlay-gradient":""},"tablet":{"background-color":"","background-image":"","background-repeat":"repeat","background-position":"center center","background-size":"auto","background-attachment":"scroll","background-type":"","background-media":"","overlay-type":"","overlay-color":"","overlay-opacity":"","overlay-gradient":""},"mobile":{"background-color":"","background-image":"","background-repeat":"repeat","background-position":"center center","background-size":"auto","background-attachment":"scroll","background-type":"","background-media":"","overlay-type":"","overlay-color":"","overlay-opacity":"","overlay-gradient":""}},"ast-content-background-meta":{"desktop":{"background-color":"var(--ast-global-color-5)","background-image":"","background-repeat":"repeat","background-position":"center center","background-size":"auto","background-attachment":"scroll","background-type":"","background-media":"","overlay-type":"","overlay-color":"","overlay-opacity":"","overlay-gradient":""},"tablet":{"background-color":"var(--ast-global-color-5)","background-image":"","background-repeat":"repeat","background-position":"center center","background-size":"auto","background-attachment":"scroll","background-type":"","background-media":"","overlay-type":"","overlay-color":"","overlay-opacity":"","overlay-gradient":""},"mobile":{"background-color":"var(--ast-global-color-5)","background-image":"","background-repeat":"repeat","background-position":"center center","background-size":"auto","background-attachment":"scroll","background-type":"","background-media":"","overlay-type":"","overlay-color":"","overlay-opacity":"","overlay-gradient":""}},"_jetpack_memberships_contains_paid_content":false,"footnotes":""},"categories":[1],"tags":[],"class_list":["post-387","post","type-post","status-publish","format-standard","has-post-thumbnail","hentry","category-general"],"rise-blocks_total_comments":0,"rise-blocks_categories":[{"term_id":1,"name":"General","slug":"general","term_group":0,"term_taxonomy_id":1,"taxonomy":"category","description":"","parent":0,"count":11,"filter":"raw","cat_ID":1,"category_count":11,"category_description":"","cat_name":"General","category_nicename":"general","category_parent":0}],"rise-blocks_excerpt":"En el mes de noviembre del 2020 inici\u00f3 en nuestra Villa un importante programa que pone a los vecinos en el centro de la escena: el \u201cQuiero Mi barrio\u201d. Financiado con recursos fiscales del MINVU se propone intervenir con obras de infraestructura y sociales en un pol\u00edgono que, en el caso de Puerto Octay, abarca gran parte de la zona..","jetpack_featured_media_url":"https:\/\/i0.wp.com\/corporacionploc.org\/webploc\/wp-content\/uploads\/2021\/08\/PROGRAMA-QMB.jpeg?fit=1280%2C960&ssl=1","jetpack_sharing_enabled":true,"_links":{"self":[{"href":"https:\/\/corporacionploc.org\/webploc\/wp-json\/wp\/v2\/posts\/387","targetHints":{"allow":["GET"]}}],"collection":[{"href":"https:\/\/corporacionploc.org\/webploc\/wp-json\/wp\/v2\/posts"}],"about":[{"href":"https:\/\/corporacionploc.org\/webploc\/wp-json\/wp\/v2\/types\/post"}],"author":[{"embeddable":true,"href":"https:\/\/corporacionploc.org\/webploc\/wp-json\/wp\/v2\/users\/2"}],"replies":[{"embeddable":true,"href":"https:\/\/corporacionploc.org\/webploc\/wp-json\/wp\/v2\/comments?post=387"}],"version-history":[{"count":4,"href":"https:\/\/corporacionploc.org\/webploc\/wp-json\/wp\/v2\/posts\/387\/revisions"}],"predecessor-version":[{"id":506,"href":"https:\/\/corporacionploc.org\/webploc\/wp-json\/wp\/v2\/posts\/387\/revisions\/506"}],"wp:featuredmedia":[{"embeddable":true,"href":"https:\/\/corporacionploc.org\/webploc\/wp-json\/wp\/v2\/media\/388"}],"wp:attachment":[{"href":"https:\/\/corporacionploc.org\/webploc\/wp-json\/wp\/v2\/media?parent=387"}],"wp:term":[{"taxonomy":"category","embeddable":true,"href":"https:\/\/corporacionploc.org\/webploc\/wp-json\/wp\/v2\/categories?post=387"},{"taxonomy":"post_tag","embeddable":true,"href":"https:\/\/corporacionploc.org\/webploc\/wp-json\/wp\/v2\/tags?post=387"}],"curies":[{"name":"wp","href":"https:\/\/api.w.org\/{rel}","templated":true}]}}